{"id":2700,"date":"2026-03-11T14:03:08","date_gmt":"2026-03-11T14:03:08","guid":{"rendered":"https:\/\/hemdenreinigung.ch\/?p=2700"},"modified":"2026-03-11T14:03:12","modified_gmt":"2026-03-11T14:03:12","slug":"lhistoire-de-la-chemise-du-sous-vetement-au-symbole-de-la-culture-professionnelle-moderne","status":"publish","type":"post","link":"https:\/\/hemdenreinigung.ch\/fr\/lhistoire-de-la-chemise-du-sous-vetement-au-symbole-de-la-culture-professionnelle-moderne\/","title":{"rendered":"L&rsquo;histoire de la chemise \u2013 du sous-v\u00eatement au symbole de la culture professionnelle moderne"},"content":{"rendered":"\n<p>La chemise fait aujourd&rsquo;hui partie int\u00e9grante de la garde-robe masculine, en particulier dans le monde des affaires. Mais son \u00e9volution remonte \u00e0 plusieurs milliers d&rsquo;ann\u00e9es. D&rsquo;un sous-v\u00eatement invisible, la chemise est devenue un symbole de statut social visible, puis l&rsquo;uniforme international des affaires. Cet article retrace les \u00e9tapes les plus importantes de cette \u00e9volution et explique pourquoi la chemise joue encore aujourd&rsquo;hui un r\u00f4le si central.<\/p>\n\n\n\n<h2 class=\"wp-block-heading has-medium-font-size\"><strong>Les origines : la chemise comme sous-v\u00eatement protecteur<\/strong><\/h2>\n\n\n\n<p>Les premi\u00e8res formes de chemises sont apparues d\u00e8s l&rsquo;Antiquit\u00e9. Les premiers v\u00eatements en lin ressemblant \u00e0 des chemises \u00e9taient port\u00e9s en \u00c9gypte. Leur fonction principale \u00e9tait pratique : ils prot\u00e9geaient la peau des influences ext\u00e9rieures et absorbaient la transpiration.<\/p>\n\n\n\n<p>Au Moyen \u00c2ge europ\u00e9en, la chemise restait avant tout un sous-v\u00eatement. Les hommes et les femmes la portaient directement sur la peau, sous des tuniques, des robes ou des armures. Comme elle pouvait \u00eatre lav\u00e9e r\u00e9guli\u00e8rement, elle prot\u00e9geait les v\u00eatements de dessus, plus co\u00fbteux, de la salet\u00e9 et prolongeait leur dur\u00e9e de vie.<\/p>\n\n\n\n<p>\u00c0 l&rsquo;origine, la chemise \u00e9tait donc un v\u00eatement fonctionnel, qui n&rsquo;\u00e9tait pas destin\u00e9 \u00e0 \u00eatre vu.<\/p>\n\n\n\n<h2 class=\"wp-block-heading has-medium-font-size\"><strong>Renaissance et baroque : la chemise devient visible<\/strong><\/h2>\n\n\n\n<p>Entre le XVIe et le XVIIIe si\u00e8cle, le r\u00f4le de la chemise a commenc\u00e9 \u00e0 changer. Certaines parties de la chemise, en particulier le col et les poignets, sont devenues visibles et ont \u00e9t\u00e9 richement d\u00e9cor\u00e9es. La dentelle, les broderies et les tissus raffin\u00e9s \u00e9taient autant des signes de richesse, de statut social que de go\u00fbt culturel.<\/p>\n\n\n\n<h2 class=\"wp-block-heading has-medium-font-size\">Le tournant du XIXe si\u00e8cle : la chemise devient le symbole de la bourgeoisie<\/h2>\n\n\n\n<p>L&rsquo;industrialisation a profond\u00e9ment transform\u00e9 la soci\u00e9t\u00e9. Un nouveau groupe social a vu le jour : la bourgeoisie, compos\u00e9e de commer\u00e7ants, d&rsquo;entrepreneurs, de banquiers et de fonctionnaires. Le dandy anglais Beau Brummell, qui a r\u00e9volutionn\u00e9 la mode masculine au d\u00e9but du XIXe si\u00e8cle, a jou\u00e9 un r\u00f4le central dans cette \u00e9volution. Il a promu un nouveau style, alliant \u00e9l\u00e9gance sobre et simplicit\u00e9, en associant un costume sombre \u00e0 une chemise blanche.<\/p>\n\n\n\n<p>La chemise blanche est rapidement devenue le symbole du professionnalisme et de la discipline. Parall\u00e8lement, le terme \u00ab White Collar Worker \u00bb a \u00e9t\u00e9 invent\u00e9, en r\u00e9f\u00e9rence au col blanc des chemises port\u00e9es par les diff\u00e9rents employ\u00e9s de bureau. La chemise est ainsi devenue officiellement l&rsquo;uniforme du monde du travail moderne.<\/p>\n\n\n\n<h2 class=\"wp-block-heading has-medium-font-size\"><strong>Industrialisation et production de masse : naissance de la chemise moderne<\/strong><\/h2>\n\n\n\n<p>\u00c0 la fin du XIXe si\u00e8cle, la fabrication industrielle a permis la production standardis\u00e9e de chemises. Parmi les innovations importantes, citons la patte de boutonnage sur toute la longueur, les tailles standardis\u00e9es et les nouveaux tissus (par exemple le coton).<\/p>\n\n\n\n<p>Ces \u00e9volutions ont rendu les chemises plus abordables et adapt\u00e9es \u00e0 un usage quotidien. Elles sont ainsi pass\u00e9es du statut de produit de luxe \u00e0 celui de v\u00eatement incontournable dans la garde-robe professionnelle et quotidienne.<\/p>\n\n\n\n<h2 class=\"wp-block-heading has-medium-font-size\"><strong>Le XXe si\u00e8cle : la chemise devient la norme mondiale dans le monde des affaires<\/strong><\/h2>\n\n\n\n<p>Au XXe si\u00e8cle, la chemise et le costume se sont r\u00e9pandus dans le monde entier. La domination \u00e9conomique de centres financiers tels que Londres et New York a notamment contribu\u00e9 \u00e0 faire de ces v\u00eatements une norme internationale. Aujourd&rsquo;hui encore, ils sont indispensables dans diverses professions et sont consid\u00e9r\u00e9s comme un signe \u00e9vident de confiance, de s\u00e9rieux et de comp\u00e9tence.<\/p>\n\n\n\n<p>Dans le m\u00eame temps, la chemise est aujourd&rsquo;hui plus polyvalente que jamais. Elle n&rsquo;est plus seulement port\u00e9e dans le monde des affaires, mais aussi lors d&rsquo;occasions formelles ou pendant les loisirs. Les diff\u00e9rentes coupes, couleurs et tissus permettent une plus grande individualit\u00e9, mais la signification originale de la chemise reste inchang\u00e9e.<\/p>\n\n\n\n<p>Pour qu&rsquo;il en reste ainsi, il est \u00e9galement essentiel de bien entretenir et nettoyer la chemise. C&rsquo;est l\u00e0 qu&rsquo;intervient pressing-des-chemises.ch. Gr\u00e2ce \u00e0 un nettoyage professionnel et doux, suivi d&rsquo;un repassage dans les r\u00e8gles de l&rsquo;art, votre chemise reste plus longtemps belle, hygi\u00e9niquement propre et pr\u00e9sentable. Vous vous assurez ainsi que votre chemise continue \u00e0 remplir sa fonction principale : faire bonne impression.<\/p>\n","protected":false},"excerpt":{"rendered":"<p>La chemise fait aujourd&rsquo;hui partie int\u00e9grante de la garde-robe masculine, en particulier dans le monde&#8230;<\/p>\n","protected":false},"author":1,"featured_media":2698,"comment_status":"closed","ping_status":"open","sticky":false,"template":"","format":"standard","meta":{"_acf_changed":false,"footnotes":""},"categories":[31],"tags":[],"class_list":["post-2700","post","type-post","status-publish","format-standard","has-post-thumbnail","hentry","category-reportages-de-fond"],"acf":[],"yoast_head":"<!-- This site is optimized with the Yoast SEO plugin v27.2 - https:\/\/yoast.com\/product\/yoast-seo-wordpress\/ -->\n<title>L&#039;histoire de la chemise \u2013 du sous-v\u00eatement au symbole de la culture professionnelle moderne - Hemdenreinigung<\/title>\n<meta name=\"robots\" content=\"index, follow, max-snippet:-1, max-image-preview:large, max-video-preview:-1\" \/>\n<link rel=\"canonical\" href=\"https:\/\/hemdenreinigung.ch\/fr\/lhistoire-de-la-chemise-du-sous-vetement-au-symbole-de-la-culture-professionnelle-moderne\/\" \/>\n<meta property=\"og:locale\" content=\"fr_FR\" \/>\n<meta property=\"og:type\" content=\"article\" \/>\n<meta property=\"og:title\" content=\"L&#039;histoire de la chemise \u2013 du sous-v\u00eatement au symbole de la culture professionnelle moderne - Hemdenreinigung\" \/>\n<meta property=\"og:description\" content=\"La chemise fait aujourd&rsquo;hui partie int\u00e9grante de la garde-robe masculine, en particulier dans le monde...\" \/>\n<meta property=\"og:url\" content=\"https:\/\/hemdenreinigung.ch\/fr\/lhistoire-de-la-chemise-du-sous-vetement-au-symbole-de-la-culture-professionnelle-moderne\/\" \/>\n<meta property=\"og:site_name\" content=\"Hemdenreinigung\" \/>\n<meta property=\"article:published_time\" content=\"2026-03-11T14:03:08+00:00\" \/>\n<meta property=\"article:modified_time\" content=\"2026-03-11T14:03:12+00:00\" \/>\n<meta property=\"og:image\" content=\"https:\/\/hemdenreinigung.ch\/wp-content\/uploads\/2026\/03\/geschichte-hemden.jpg\" \/>\n\t<meta property=\"og:image:width\" content=\"2116\" \/>\n\t<meta property=\"og:image:height\" content=\"900\" \/>\n\t<meta property=\"og:image:type\" content=\"image\/jpeg\" \/>\n<meta name=\"author\" content=\"Raphael Bolliger\" \/>\n<meta name=\"twitter:card\" content=\"summary_large_image\" \/>\n<meta name=\"twitter:label1\" content=\"\u00c9crit par\" \/>\n\t<meta name=\"twitter:data1\" content=\"Raphael Bolliger\" \/>\n\t<meta name=\"twitter:label2\" content=\"Dur\u00e9e de lecture estim\u00e9e\" \/>\n\t<meta name=\"twitter:data2\" content=\"4 minutes\" \/>\n<script type=\"application\/ld+json\" class=\"yoast-schema-graph\">{\"@context\":\"https:\/\/schema.org\",\"@graph\":[{\"@type\":\"Article\",\"@id\":\"https:\/\/hemdenreinigung.ch\/fr\/lhistoire-de-la-chemise-du-sous-vetement-au-symbole-de-la-culture-professionnelle-moderne\/#article\",\"isPartOf\":{\"@id\":\"https:\/\/hemdenreinigung.ch\/fr\/lhistoire-de-la-chemise-du-sous-vetement-au-symbole-de-la-culture-professionnelle-moderne\/\"},\"author\":{\"name\":\"Raphael Bolliger\",\"@id\":\"https:\/\/hemdenreinigung.ch\/fr\/#\/schema\/person\/39e2f13799324aac26e6f43fd61683de\"},\"headline\":\"L&rsquo;histoire de la chemise \u2013 du sous-v\u00eatement au symbole de la culture professionnelle moderne\",\"datePublished\":\"2026-03-11T14:03:08+00:00\",\"dateModified\":\"2026-03-11T14:03:12+00:00\",\"mainEntityOfPage\":{\"@id\":\"https:\/\/hemdenreinigung.ch\/fr\/lhistoire-de-la-chemise-du-sous-vetement-au-symbole-de-la-culture-professionnelle-moderne\/\"},\"wordCount\":735,\"image\":{\"@id\":\"https:\/\/hemdenreinigung.ch\/fr\/lhistoire-de-la-chemise-du-sous-vetement-au-symbole-de-la-culture-professionnelle-moderne\/#primaryimage\"},\"thumbnailUrl\":\"https:\/\/hemdenreinigung.ch\/wp-content\/uploads\/2026\/03\/geschichte-hemden.jpg\",\"articleSection\":[\"Reportages de fond\"],\"inLanguage\":\"fr-FR\"},{\"@type\":\"WebPage\",\"@id\":\"https:\/\/hemdenreinigung.ch\/fr\/lhistoire-de-la-chemise-du-sous-vetement-au-symbole-de-la-culture-professionnelle-moderne\/\",\"url\":\"https:\/\/hemdenreinigung.ch\/fr\/lhistoire-de-la-chemise-du-sous-vetement-au-symbole-de-la-culture-professionnelle-moderne\/\",\"name\":\"L'histoire de la chemise \u2013 du sous-v\u00eatement au symbole de la culture professionnelle moderne - Hemdenreinigung\",\"isPartOf\":{\"@id\":\"https:\/\/hemdenreinigung.ch\/fr\/#website\"},\"primaryImageOfPage\":{\"@id\":\"https:\/\/hemdenreinigung.ch\/fr\/lhistoire-de-la-chemise-du-sous-vetement-au-symbole-de-la-culture-professionnelle-moderne\/#primaryimage\"},\"image\":{\"@id\":\"https:\/\/hemdenreinigung.ch\/fr\/lhistoire-de-la-chemise-du-sous-vetement-au-symbole-de-la-culture-professionnelle-moderne\/#primaryimage\"},\"thumbnailUrl\":\"https:\/\/hemdenreinigung.ch\/wp-content\/uploads\/2026\/03\/geschichte-hemden.jpg\",\"datePublished\":\"2026-03-11T14:03:08+00:00\",\"dateModified\":\"2026-03-11T14:03:12+00:00\",\"author\":{\"@id\":\"https:\/\/hemdenreinigung.ch\/fr\/#\/schema\/person\/39e2f13799324aac26e6f43fd61683de\"},\"breadcrumb\":{\"@id\":\"https:\/\/hemdenreinigung.ch\/fr\/lhistoire-de-la-chemise-du-sous-vetement-au-symbole-de-la-culture-professionnelle-moderne\/#breadcrumb\"},\"inLanguage\":\"fr-FR\",\"potentialAction\":[{\"@type\":\"ReadAction\",\"target\":[\"https:\/\/hemdenreinigung.ch\/fr\/lhistoire-de-la-chemise-du-sous-vetement-au-symbole-de-la-culture-professionnelle-moderne\/\"]}]},{\"@type\":\"ImageObject\",\"inLanguage\":\"fr-FR\",\"@id\":\"https:\/\/hemdenreinigung.ch\/fr\/lhistoire-de-la-chemise-du-sous-vetement-au-symbole-de-la-culture-professionnelle-moderne\/#primaryimage\",\"url\":\"https:\/\/hemdenreinigung.ch\/wp-content\/uploads\/2026\/03\/geschichte-hemden.jpg\",\"contentUrl\":\"https:\/\/hemdenreinigung.ch\/wp-content\/uploads\/2026\/03\/geschichte-hemden.jpg\",\"width\":2116,\"height\":900,\"caption\":\"Geschichte der Business Hemden\"},{\"@type\":\"BreadcrumbList\",\"@id\":\"https:\/\/hemdenreinigung.ch\/fr\/lhistoire-de-la-chemise-du-sous-vetement-au-symbole-de-la-culture-professionnelle-moderne\/#breadcrumb\",\"itemListElement\":[{\"@type\":\"ListItem\",\"position\":1,\"name\":\"Startseite\",\"item\":\"https:\/\/hemdenreinigung.ch\/fr\/\"},{\"@type\":\"ListItem\",\"position\":2,\"name\":\"L&rsquo;histoire de la chemise \u2013 du sous-v\u00eatement au symbole de la culture professionnelle moderne\"}]},{\"@type\":\"WebSite\",\"@id\":\"https:\/\/hemdenreinigung.ch\/fr\/#website\",\"url\":\"https:\/\/hemdenreinigung.ch\/fr\/\",\"name\":\"Hemdenreinigung\",\"description\":\"\",\"potentialAction\":[{\"@type\":\"SearchAction\",\"target\":{\"@type\":\"EntryPoint\",\"urlTemplate\":\"https:\/\/hemdenreinigung.ch\/fr\/?s={search_term_string}\"},\"query-input\":{\"@type\":\"PropertyValueSpecification\",\"valueRequired\":true,\"valueName\":\"search_term_string\"}}],\"inLanguage\":\"fr-FR\"},{\"@type\":\"Person\",\"@id\":\"https:\/\/hemdenreinigung.ch\/fr\/#\/schema\/person\/39e2f13799324aac26e6f43fd61683de\",\"name\":\"Raphael Bolliger\",\"image\":{\"@type\":\"ImageObject\",\"inLanguage\":\"fr-FR\",\"@id\":\"https:\/\/secure.gravatar.com\/avatar\/013c737789f389025b2a1b7e7ca420465a65651bc26e4ee4e838cfeb73b456d4?s=96&d=mm&r=g\",\"url\":\"https:\/\/secure.gravatar.com\/avatar\/013c737789f389025b2a1b7e7ca420465a65651bc26e4ee4e838cfeb73b456d4?s=96&d=mm&r=g\",\"contentUrl\":\"https:\/\/secure.gravatar.com\/avatar\/013c737789f389025b2a1b7e7ca420465a65651bc26e4ee4e838cfeb73b456d4?s=96&d=mm&r=g\",\"caption\":\"Raphael Bolliger\"},\"sameAs\":[\"https:\/\/hemdenreinigung.ch\"],\"url\":\"https:\/\/hemdenreinigung.ch\/fr\/author\/hemdenreinigung\/\"}]}<\/script>\n<!-- \/ Yoast SEO plugin. -->","yoast_head_json":{"title":"L'histoire de la chemise \u2013 du sous-v\u00eatement au symbole de la culture professionnelle moderne - Hemdenreinigung","robots":{"index":"index","follow":"follow","max-snippet":"max-snippet:-1","max-image-preview":"max-image-preview:large","max-video-preview":"max-video-preview:-1"},"canonical":"https:\/\/hemdenreinigung.ch\/fr\/lhistoire-de-la-chemise-du-sous-vetement-au-symbole-de-la-culture-professionnelle-moderne\/","og_locale":"fr_FR","og_type":"article","og_title":"L'histoire de la chemise \u2013 du sous-v\u00eatement au symbole de la culture professionnelle moderne - Hemdenreinigung","og_description":"La chemise fait aujourd&rsquo;hui partie int\u00e9grante de la garde-robe masculine, en particulier dans le monde...","og_url":"https:\/\/hemdenreinigung.ch\/fr\/lhistoire-de-la-chemise-du-sous-vetement-au-symbole-de-la-culture-professionnelle-moderne\/","og_site_name":"Hemdenreinigung","article_published_time":"2026-03-11T14:03:08+00:00","article_modified_time":"2026-03-11T14:03:12+00:00","og_image":[{"width":2116,"height":900,"url":"https:\/\/hemdenreinigung.ch\/wp-content\/uploads\/2026\/03\/geschichte-hemden.jpg","type":"image\/jpeg"}],"author":"Raphael Bolliger","twitter_card":"summary_large_image","twitter_misc":{"\u00c9crit par":"Raphael Bolliger","Dur\u00e9e de lecture estim\u00e9e":"4 minutes"},"schema":{"@context":"https:\/\/schema.org","@graph":[{"@type":"Article","@id":"https:\/\/hemdenreinigung.ch\/fr\/lhistoire-de-la-chemise-du-sous-vetement-au-symbole-de-la-culture-professionnelle-moderne\/#article","isPartOf":{"@id":"https:\/\/hemdenreinigung.ch\/fr\/lhistoire-de-la-chemise-du-sous-vetement-au-symbole-de-la-culture-professionnelle-moderne\/"},"author":{"name":"Raphael Bolliger","@id":"https:\/\/hemdenreinigung.ch\/fr\/#\/schema\/person\/39e2f13799324aac26e6f43fd61683de"},"headline":"L&rsquo;histoire de la chemise \u2013 du sous-v\u00eatement au symbole de la culture professionnelle moderne","datePublished":"2026-03-11T14:03:08+00:00","dateModified":"2026-03-11T14:03:12+00:00","mainEntityOfPage":{"@id":"https:\/\/hemdenreinigung.ch\/fr\/lhistoire-de-la-chemise-du-sous-vetement-au-symbole-de-la-culture-professionnelle-moderne\/"},"wordCount":735,"image":{"@id":"https:\/\/hemdenreinigung.ch\/fr\/lhistoire-de-la-chemise-du-sous-vetement-au-symbole-de-la-culture-professionnelle-moderne\/#primaryimage"},"thumbnailUrl":"https:\/\/hemdenreinigung.ch\/wp-content\/uploads\/2026\/03\/geschichte-hemden.jpg","articleSection":["Reportages de fond"],"inLanguage":"fr-FR"},{"@type":"WebPage","@id":"https:\/\/hemdenreinigung.ch\/fr\/lhistoire-de-la-chemise-du-sous-vetement-au-symbole-de-la-culture-professionnelle-moderne\/","url":"https:\/\/hemdenreinigung.ch\/fr\/lhistoire-de-la-chemise-du-sous-vetement-au-symbole-de-la-culture-professionnelle-moderne\/","name":"L'histoire de la chemise \u2013 du sous-v\u00eatement au symbole de la culture professionnelle moderne - Hemdenreinigung","isPartOf":{"@id":"https:\/\/hemdenreinigung.ch\/fr\/#website"},"primaryImageOfPage":{"@id":"https:\/\/hemdenreinigung.ch\/fr\/lhistoire-de-la-chemise-du-sous-vetement-au-symbole-de-la-culture-professionnelle-moderne\/#primaryimage"},"image":{"@id":"https:\/\/hemdenreinigung.ch\/fr\/lhistoire-de-la-chemise-du-sous-vetement-au-symbole-de-la-culture-professionnelle-moderne\/#primaryimage"},"thumbnailUrl":"https:\/\/hemdenreinigung.ch\/wp-content\/uploads\/2026\/03\/geschichte-hemden.jpg","datePublished":"2026-03-11T14:03:08+00:00","dateModified":"2026-03-11T14:03:12+00:00","author":{"@id":"https:\/\/hemdenreinigung.ch\/fr\/#\/schema\/person\/39e2f13799324aac26e6f43fd61683de"},"breadcrumb":{"@id":"https:\/\/hemdenreinigung.ch\/fr\/lhistoire-de-la-chemise-du-sous-vetement-au-symbole-de-la-culture-professionnelle-moderne\/#breadcrumb"},"inLanguage":"fr-FR","potentialAction":[{"@type":"ReadAction","target":["https:\/\/hemdenreinigung.ch\/fr\/lhistoire-de-la-chemise-du-sous-vetement-au-symbole-de-la-culture-professionnelle-moderne\/"]}]},{"@type":"ImageObject","inLanguage":"fr-FR","@id":"https:\/\/hemdenreinigung.ch\/fr\/lhistoire-de-la-chemise-du-sous-vetement-au-symbole-de-la-culture-professionnelle-moderne\/#primaryimage","url":"https:\/\/hemdenreinigung.ch\/wp-content\/uploads\/2026\/03\/geschichte-hemden.jpg","contentUrl":"https:\/\/hemdenreinigung.ch\/wp-content\/uploads\/2026\/03\/geschichte-hemden.jpg","width":2116,"height":900,"caption":"Geschichte der Business Hemden"},{"@type":"BreadcrumbList","@id":"https:\/\/hemdenreinigung.ch\/fr\/lhistoire-de-la-chemise-du-sous-vetement-au-symbole-de-la-culture-professionnelle-moderne\/#breadcrumb","itemListElement":[{"@type":"ListItem","position":1,"name":"Startseite","item":"https:\/\/hemdenreinigung.ch\/fr\/"},{"@type":"ListItem","position":2,"name":"L&rsquo;histoire de la chemise \u2013 du sous-v\u00eatement au symbole de la culture professionnelle moderne"}]},{"@type":"WebSite","@id":"https:\/\/hemdenreinigung.ch\/fr\/#website","url":"https:\/\/hemdenreinigung.ch\/fr\/","name":"Hemdenreinigung","description":"","potentialAction":[{"@type":"SearchAction","target":{"@type":"EntryPoint","urlTemplate":"https:\/\/hemdenreinigung.ch\/fr\/?s={search_term_string}"},"query-input":{"@type":"PropertyValueSpecification","valueRequired":true,"valueName":"search_term_string"}}],"inLanguage":"fr-FR"},{"@type":"Person","@id":"https:\/\/hemdenreinigung.ch\/fr\/#\/schema\/person\/39e2f13799324aac26e6f43fd61683de","name":"Raphael Bolliger","image":{"@type":"ImageObject","inLanguage":"fr-FR","@id":"https:\/\/secure.gravatar.com\/avatar\/013c737789f389025b2a1b7e7ca420465a65651bc26e4ee4e838cfeb73b456d4?s=96&d=mm&r=g","url":"https:\/\/secure.gravatar.com\/avatar\/013c737789f389025b2a1b7e7ca420465a65651bc26e4ee4e838cfeb73b456d4?s=96&d=mm&r=g","contentUrl":"https:\/\/secure.gravatar.com\/avatar\/013c737789f389025b2a1b7e7ca420465a65651bc26e4ee4e838cfeb73b456d4?s=96&d=mm&r=g","caption":"Raphael Bolliger"},"sameAs":["https:\/\/hemdenreinigung.ch"],"url":"https:\/\/hemdenreinigung.ch\/fr\/author\/hemdenreinigung\/"}]}},"_links":{"self":[{"href":"https:\/\/hemdenreinigung.ch\/fr\/wp-json\/wp\/v2\/posts\/2700","targetHints":{"allow":["GET"]}}],"collection":[{"href":"https:\/\/hemdenreinigung.ch\/fr\/wp-json\/wp\/v2\/posts"}],"about":[{"href":"https:\/\/hemdenreinigung.ch\/fr\/wp-json\/wp\/v2\/types\/post"}],"author":[{"embeddable":true,"href":"https:\/\/hemdenreinigung.ch\/fr\/wp-json\/wp\/v2\/users\/1"}],"replies":[{"embeddable":true,"href":"https:\/\/hemdenreinigung.ch\/fr\/wp-json\/wp\/v2\/comments?post=2700"}],"version-history":[{"count":1,"href":"https:\/\/hemdenreinigung.ch\/fr\/wp-json\/wp\/v2\/posts\/2700\/revisions"}],"predecessor-version":[{"id":2701,"href":"https:\/\/hemdenreinigung.ch\/fr\/wp-json\/wp\/v2\/posts\/2700\/revisions\/2701"}],"wp:featuredmedia":[{"embeddable":true,"href":"https:\/\/hemdenreinigung.ch\/fr\/wp-json\/wp\/v2\/media\/2698"}],"wp:attachment":[{"href":"https:\/\/hemdenreinigung.ch\/fr\/wp-json\/wp\/v2\/media?parent=2700"}],"wp:term":[{"taxonomy":"category","embeddable":true,"href":"https:\/\/hemdenreinigung.ch\/fr\/wp-json\/wp\/v2\/categories?post=2700"},{"taxonomy":"post_tag","embeddable":true,"href":"https:\/\/hemdenreinigung.ch\/fr\/wp-json\/wp\/v2\/tags?post=2700"}],"curies":[{"name":"wp","href":"https:\/\/api.w.org\/{rel}","templated":true}]}}